{"id":2995,"date":"2022-11-14T17:28:06","date_gmt":"2022-11-14T16:28:06","guid":{"rendered":"https:\/\/argileduvelay.com\/arcilla-amarilla-aliada-natural-de-su-piel\/"},"modified":"2023-04-17T18:37:10","modified_gmt":"2023-04-17T16:37:10","slug":"arcilla-amarilla-aliada-natural-de-su-piel","status":"publish","type":"post","link":"https:\/\/argileduvelay.com\/es\/arcilla-amarilla-aliada-natural-de-su-piel\/","title":{"rendered":"Arcilla amarilla: una aliada natural para su piel"},"content":{"rendered":"<p><img loading=\"lazy\" decoding=\"async\" class=\"aligncenter wp-image-1373 size-full\" src=\"https:\/\/argileduvelay.com\/wp-content\/uploads\/2022\/11\/argile-jaune-poudre-argile-du-velay-1.jpg\" alt=\"arcilla amarilla de Velay en polvo\" width=\"980\" height=\"551\" srcset=\"https:\/\/argileduvelay.com\/wp-content\/uploads\/2022\/11\/argile-jaune-poudre-argile-du-velay-1.jpg 980w, https:\/\/argileduvelay.com\/wp-content\/uploads\/2022\/11\/argile-jaune-poudre-argile-du-velay-1-480x270.jpg 480w\" sizes=\"(min-width: 0px) and (max-width: 480px) 480px, (min-width: 481px) 980px, 100vw\" \/><\/p>\n<h2>La arcilla amarilla posee muchas virtudes cosm\u00e9ticas y capilares. Gracias a sus propiedades tonificantes, suavizantes y exfoliantes, es utilizada en el cuidado de pieles mixtas a grasas. Conozcamos m\u00e1s sobre este aliado de la epidermis.<\/h2>\n<h3>\u00bfCu\u00e1les son los beneficios de la arcilla amarilla de Velay?<\/h3>\n<h4>Beneficios para la belleza del rostro<\/h4>\n<p>La composici\u00f3n de la arcilla amarilla es muy parecida a la de la <a href=\"\/es\/como-utilizar-arcilla-verde-en-cosmetica\/\">Arcilla Verde de Velay<\/a>, pero es menos rica en \u00f3xido de hierro. Siendo purificante se encargar\u00e1 de cuidar apropiadamente su rostro.<\/p>\n<h4>Beneficios para el cuerpo<\/h4>\n<p>La <strong>arcilla amarilla de Velay<\/strong> es una aut\u00e9ntica fuente de bienestar para el cuerpo ya que, gracias a sus propiedades exfoliantes, es capaz de cerrar los poros y de eliminar las impurezas. Se utiliza en forma de mascarilla, cataplasma, en polvo e incluso en jabones. Siendo rica en hierro, oligoelementos y minerales, la arcilla amarilla actuara suavemente sobre la piel.<\/p>\n<h4>Beneficios para el cabello<\/h4>\n<p>Esta arcilla es tan ben\u00e9fica para el cuerpo como para el cabello. Se encarga de revitalizar y dar un aspecto brillante al cabello debilitado y quebradizo. Adem\u00e1s, absorbe el exceso de sebo y esto permite que las fibras capilares respiren mejor. <img loading=\"lazy\" decoding=\"async\" class=\"aligncenter wp-image-1378 size-full\" src=\"https:\/\/argileduvelay.com\/wp-content\/uploads\/2022\/11\/AdobeStock_120025653.jpeg\" alt=\"Mascarilla facial de arcilla amarilla\" width=\"640\" height=\"425\" srcset=\"https:\/\/argileduvelay.com\/wp-content\/uploads\/2022\/11\/AdobeStock_120025653.jpeg 640w, https:\/\/argileduvelay.com\/wp-content\/uploads\/2022\/11\/AdobeStock_120025653-480x319.jpeg 480w\" sizes=\"(min-width: 0px) and (max-width: 480px) 480px, (min-width: 481px) 640px, 100vw\" \/><\/p>\n<h3>\u00bfC\u00f3mo usarla?<\/h3>\n<h4>Opte por una mascarilla casera<\/h4>\n<p>La <strong>arcilla amarilla de Velay<\/strong> se mezcla muy bien con la miel. Juntas, le dan a la epidermis un aspecto de piel de beb\u00e9 despu\u00e9s de enjuagarse. Basta con mezclar una cucharada de arcilla amarilla, una cucharada de miel y unas gotas de agua floral para la hidrataci\u00f3n, que puede ser agua de rosas, agua de manzanilla o agua de flor de naranjo. Luego deje actuar unos treinta minutos en el rostro antes de enjuagarse. Esta preparaci\u00f3n tambi\u00e9n se puede aplicar sobre el cabello da\u00f1ado para volverlo m\u00e1s flexible y darle brillo.<\/p>\n<h4>Como cataplasma<\/h4>\n<p>Intente hacer una pasta de <strong>arcilla amarilla de Velay<\/strong> con agua, mezcle hasta obtener una textura espesa y ligera, sin que sea muy liquida. Para esta receta: ponga arcilla en polvo en un recipiente y ll\u00e9nelo de agua de manantial o filtrada hasta cubrir la arcilla. D\u00e9jela reposar 1 hora antes de usarla y cuando se la ponga, d\u00e9jela de 2 a 3 horas. Qu\u00edtela en caso de molestias. En forma de <a href=\"\/es\/diy-como-hacer-una-cataplasma-arcilla\/\">cataplasma<\/a>, repita de una a tres veces al d\u00eda hasta obtener una mejor\u00eda. La arcilla amarilla es ideal para perfeccionar la belleza de su piel.<\/p>\n","protected":false},"excerpt":{"rendered":"<p>La arcilla amarilla posee muchas virtudes cosm\u00e9ticas y capilares. Gracias a sus propiedades tonificantes, suavizantes y exfoliantes, es utilizada en el cuidado de pieles mixtas a grasas. Conozcamos m\u00e1s sobre este aliado de la epidermis. \u00bfCu\u00e1les son los beneficios de la arcilla amarilla de Velay? Beneficios para la belleza del rostro La composici\u00f3n de la [&hellip;]<\/p>\n","protected":false},"author":1,"featured_media":1375,"comment_status":"closed","ping_status":"closed","sticky":false,"template":"","format":"standard","meta":{"_et_pb_use_builder":"","_et_pb_old_content":"","_et_gb_content_width":"","footnotes":""},"categories":[31],"tags":[],"class_list":["post-2995","post","type-post","status-publish","format-standard","has-post-thumbnail","hentry","category-sabias"],"yoast_head":"<!-- This site is optimized with the Yoast SEO plugin v27.4 - https:\/\/yoast.com\/product\/yoast-seo-wordpress\/ -->\n<title>Arcilla amarilla: una aliada natural de su piel \u2013 Argile du Velay<\/title>\n<meta name=\"description\" content=\"La arcilla amarilla es utilizada por sus propiedades tonificantes, suavizantes y exfoliantes, que ayudan al cuidado de pieles mixtas a grasas.\" \/>\n<meta name=\"robots\" content=\"index, follow, max-snippet:-1, max-image-preview:large, max-video-preview:-1\" \/>\n<link rel=\"canonical\" href=\"https:\/\/argileduvelay.com\/es\/arcilla-amarilla-aliada-natural-de-su-piel\/\" \/>\n<meta property=\"og:locale\" content=\"es_ES\" \/>\n<meta property=\"og:type\" content=\"article\" \/>\n<meta property=\"og:title\" content=\"Arcilla amarilla: una aliada natural de su piel \u2013 Argile du Velay\" \/>\n<meta property=\"og:description\" content=\"La arcilla amarilla es utilizada por sus propiedades tonificantes, suavizantes y exfoliantes, que ayudan al cuidado de pieles mixtas a grasas.\" \/>\n<meta property=\"og:url\" content=\"https:\/\/argileduvelay.com\/es\/arcilla-amarilla-aliada-natural-de-su-piel\/\" \/>\n<meta property=\"og:site_name\" content=\"Argile du Velay\" \/>\n<meta property=\"article:publisher\" content=\"https:\/\/www.facebook.com\/argile.duvelay\" \/>\n<meta property=\"article:published_time\" content=\"2022-11-14T16:28:06+00:00\" \/>\n<meta property=\"article:modified_time\" content=\"2023-04-17T16:37:10+00:00\" \/>\n<meta property=\"og:image\" content=\"https:\/\/argileduvelay.com\/wp-content\/uploads\/2022\/11\/argile-jaune-poudre-argile-du-velay-1.jpg\" \/>\n\t<meta property=\"og:image:width\" content=\"980\" \/>\n\t<meta property=\"og:image:height\" content=\"551\" \/>\n\t<meta property=\"og:image:type\" content=\"image\/jpeg\" \/>\n<meta name=\"author\" content=\"Arvel\" \/>\n<meta name=\"twitter:card\" content=\"summary_large_image\" \/>\n<meta name=\"twitter:label1\" content=\"Escrito por\" \/>\n\t<meta name=\"twitter:data1\" content=\"Arvel\" \/>\n\t<meta name=\"twitter:label2\" content=\"Tiempo de lectura\" \/>\n\t<meta name=\"twitter:data2\" content=\"3 minutos\" \/>\n<script type=\"application\/ld+json\" class=\"yoast-schema-graph\">{\"@context\":\"https:\\\/\\\/schema.org\",\"@graph\":[{\"@type\":\"Article\",\"@id\":\"https:\\\/\\\/argileduvelay.com\\\/es\\\/arcilla-amarilla-aliada-natural-de-su-piel\\\/#article\",\"isPartOf\":{\"@id\":\"https:\\\/\\\/argileduvelay.com\\\/es\\\/arcilla-amarilla-aliada-natural-de-su-piel\\\/\"},\"author\":{\"name\":\"Arvel\",\"@id\":\"https:\\\/\\\/argileduvelay.com\\\/es\\\/#\\\/schema\\\/person\\\/525382e80202e5f8270f64c56eb88d3d\"},\"headline\":\"Arcilla amarilla: una aliada natural para su piel\",\"datePublished\":\"2022-11-14T16:28:06+00:00\",\"dateModified\":\"2023-04-17T16:37:10+00:00\",\"mainEntityOfPage\":{\"@id\":\"https:\\\/\\\/argileduvelay.com\\\/es\\\/arcilla-amarilla-aliada-natural-de-su-piel\\\/\"},\"wordCount\":417,\"publisher\":{\"@id\":\"https:\\\/\\\/argileduvelay.com\\\/es\\\/#organization\"},\"image\":{\"@id\":\"https:\\\/\\\/argileduvelay.com\\\/es\\\/arcilla-amarilla-aliada-natural-de-su-piel\\\/#primaryimage\"},\"thumbnailUrl\":\"https:\\\/\\\/argileduvelay.com\\\/wp-content\\\/uploads\\\/2022\\\/11\\\/argile-jaune-poudre-argile-du-velay-1.jpg\",\"articleSection\":[\"\u00bfSab\u00edas?\"],\"inLanguage\":\"es\"},{\"@type\":\"WebPage\",\"@id\":\"https:\\\/\\\/argileduvelay.com\\\/es\\\/arcilla-amarilla-aliada-natural-de-su-piel\\\/\",\"url\":\"https:\\\/\\\/argileduvelay.com\\\/es\\\/arcilla-amarilla-aliada-natural-de-su-piel\\\/\",\"name\":\"Arcilla amarilla: una aliada natural de su piel \u2013 Argile du Velay\",\"isPartOf\":{\"@id\":\"https:\\\/\\\/argileduvelay.com\\\/es\\\/#website\"},\"primaryImageOfPage\":{\"@id\":\"https:\\\/\\\/argileduvelay.com\\\/es\\\/arcilla-amarilla-aliada-natural-de-su-piel\\\/#primaryimage\"},\"image\":{\"@id\":\"https:\\\/\\\/argileduvelay.com\\\/es\\\/arcilla-amarilla-aliada-natural-de-su-piel\\\/#primaryimage\"},\"thumbnailUrl\":\"https:\\\/\\\/argileduvelay.com\\\/wp-content\\\/uploads\\\/2022\\\/11\\\/argile-jaune-poudre-argile-du-velay-1.jpg\",\"datePublished\":\"2022-11-14T16:28:06+00:00\",\"dateModified\":\"2023-04-17T16:37:10+00:00\",\"description\":\"La arcilla amarilla es utilizada por sus propiedades tonificantes, suavizantes y exfoliantes, que ayudan al cuidado de pieles mixtas a grasas.\",\"breadcrumb\":{\"@id\":\"https:\\\/\\\/argileduvelay.com\\\/es\\\/arcilla-amarilla-aliada-natural-de-su-piel\\\/#breadcrumb\"},\"inLanguage\":\"es\",\"potentialAction\":[{\"@type\":\"ReadAction\",\"target\":[\"https:\\\/\\\/argileduvelay.com\\\/es\\\/arcilla-amarilla-aliada-natural-de-su-piel\\\/\"]}]},{\"@type\":\"ImageObject\",\"inLanguage\":\"es\",\"@id\":\"https:\\\/\\\/argileduvelay.com\\\/es\\\/arcilla-amarilla-aliada-natural-de-su-piel\\\/#primaryimage\",\"url\":\"https:\\\/\\\/argileduvelay.com\\\/wp-content\\\/uploads\\\/2022\\\/11\\\/argile-jaune-poudre-argile-du-velay-1.jpg\",\"contentUrl\":\"https:\\\/\\\/argileduvelay.com\\\/wp-content\\\/uploads\\\/2022\\\/11\\\/argile-jaune-poudre-argile-du-velay-1.jpg\",\"width\":980,\"height\":551,\"caption\":\"argile jaune poudre argile du velay\"},{\"@type\":\"BreadcrumbList\",\"@id\":\"https:\\\/\\\/argileduvelay.com\\\/es\\\/arcilla-amarilla-aliada-natural-de-su-piel\\\/#breadcrumb\",\"itemListElement\":[{\"@type\":\"ListItem\",\"position\":1,\"name\":\"Accueil\",\"item\":\"https:\\\/\\\/argileduvelay.com\\\/es\\\/\"},{\"@type\":\"ListItem\",\"position\":2,\"name\":\"Arcilla amarilla: una aliada natural para su piel\"}]},{\"@type\":\"WebSite\",\"@id\":\"https:\\\/\\\/argileduvelay.com\\\/es\\\/#website\",\"url\":\"https:\\\/\\\/argileduvelay.com\\\/es\\\/\",\"name\":\"Argile du Velay\",\"description\":\"Fabricant fran\u00e7ais d'argile verte bio pour cosm\u00e9tique, hygi\u00e8ne animale, spa...\",\"publisher\":{\"@id\":\"https:\\\/\\\/argileduvelay.com\\\/es\\\/#organization\"},\"potentialAction\":[{\"@type\":\"SearchAction\",\"target\":{\"@type\":\"EntryPoint\",\"urlTemplate\":\"https:\\\/\\\/argileduvelay.com\\\/es\\\/?s={search_term_string}\"},\"query-input\":{\"@type\":\"PropertyValueSpecification\",\"valueRequired\":true,\"valueName\":\"search_term_string\"}}],\"inLanguage\":\"es\"},{\"@type\":\"Organization\",\"@id\":\"https:\\\/\\\/argileduvelay.com\\\/es\\\/#organization\",\"name\":\"Argile du Velay\",\"url\":\"https:\\\/\\\/argileduvelay.com\\\/es\\\/\",\"logo\":{\"@type\":\"ImageObject\",\"inLanguage\":\"es\",\"@id\":\"https:\\\/\\\/argileduvelay.com\\\/es\\\/#\\\/schema\\\/logo\\\/image\\\/\",\"url\":\"https:\\\/\\\/argileduvelay.com\\\/wp-content\\\/uploads\\\/2022\\\/09\\\/logo_ARGILE_DU_VELAY-HD-ok.png\",\"contentUrl\":\"https:\\\/\\\/argileduvelay.com\\\/wp-content\\\/uploads\\\/2022\\\/09\\\/logo_ARGILE_DU_VELAY-HD-ok.png\",\"width\":2520,\"height\":1450,\"caption\":\"Argile du Velay\"},\"image\":{\"@id\":\"https:\\\/\\\/argileduvelay.com\\\/es\\\/#\\\/schema\\\/logo\\\/image\\\/\"},\"sameAs\":[\"https:\\\/\\\/www.facebook.com\\\/argile.duvelay\",\"https:\\\/\\\/www.instagram.com\\\/argileduvelay43\\\/\",\"https:\\\/\\\/www.linkedin.com\\\/company\\\/argile-du-velay\\\/\"]},{\"@type\":\"Person\",\"@id\":\"https:\\\/\\\/argileduvelay.com\\\/es\\\/#\\\/schema\\\/person\\\/525382e80202e5f8270f64c56eb88d3d\",\"name\":\"Arvel\",\"image\":{\"@type\":\"ImageObject\",\"inLanguage\":\"es\",\"@id\":\"https:\\\/\\\/secure.gravatar.com\\\/avatar\\\/4736a0ede3e1c47b61cd3504372b52fe3c71b50e0cbc9edcee5a1ac4c668cafc?s=96&d=mm&r=g\",\"url\":\"https:\\\/\\\/secure.gravatar.com\\\/avatar\\\/4736a0ede3e1c47b61cd3504372b52fe3c71b50e0cbc9edcee5a1ac4c668cafc?s=96&d=mm&r=g\",\"contentUrl\":\"https:\\\/\\\/secure.gravatar.com\\\/avatar\\\/4736a0ede3e1c47b61cd3504372b52fe3c71b50e0cbc9edcee5a1ac4c668cafc?s=96&d=mm&r=g\",\"caption\":\"Arvel\"},\"sameAs\":[\"https:\\\/\\\/argileduvelay.com\"],\"url\":\"https:\\\/\\\/argileduvelay.com\\\/es\\\/author\\\/arvel\\\/\"}]}<\/script>\n<!-- \/ Yoast SEO plugin. -->","yoast_head_json":{"title":"Arcilla amarilla: una aliada natural de su piel \u2013 Argile du Velay","description":"La arcilla amarilla es utilizada por sus propiedades tonificantes, suavizantes y exfoliantes, que ayudan al cuidado de pieles mixtas a grasas.","robots":{"index":"index","follow":"follow","max-snippet":"max-snippet:-1","max-image-preview":"max-image-preview:large","max-video-preview":"max-video-preview:-1"},"canonical":"https:\/\/argileduvelay.com\/es\/arcilla-amarilla-aliada-natural-de-su-piel\/","og_locale":"es_ES","og_type":"article","og_title":"Arcilla amarilla: una aliada natural de su piel \u2013 Argile du Velay","og_description":"La arcilla amarilla es utilizada por sus propiedades tonificantes, suavizantes y exfoliantes, que ayudan al cuidado de pieles mixtas a grasas.","og_url":"https:\/\/argileduvelay.com\/es\/arcilla-amarilla-aliada-natural-de-su-piel\/","og_site_name":"Argile du Velay","article_publisher":"https:\/\/www.facebook.com\/argile.duvelay","article_published_time":"2022-11-14T16:28:06+00:00","article_modified_time":"2023-04-17T16:37:10+00:00","og_image":[{"width":980,"height":551,"url":"https:\/\/argileduvelay.com\/wp-content\/uploads\/2022\/11\/argile-jaune-poudre-argile-du-velay-1.jpg","type":"image\/jpeg"}],"author":"Arvel","twitter_card":"summary_large_image","twitter_misc":{"Escrito por":"Arvel","Tiempo de lectura":"3 minutos"},"schema":{"@context":"https:\/\/schema.org","@graph":[{"@type":"Article","@id":"https:\/\/argileduvelay.com\/es\/arcilla-amarilla-aliada-natural-de-su-piel\/#article","isPartOf":{"@id":"https:\/\/argileduvelay.com\/es\/arcilla-amarilla-aliada-natural-de-su-piel\/"},"author":{"name":"Arvel","@id":"https:\/\/argileduvelay.com\/es\/#\/schema\/person\/525382e80202e5f8270f64c56eb88d3d"},"headline":"Arcilla amarilla: una aliada natural para su piel","datePublished":"2022-11-14T16:28:06+00:00","dateModified":"2023-04-17T16:37:10+00:00","mainEntityOfPage":{"@id":"https:\/\/argileduvelay.com\/es\/arcilla-amarilla-aliada-natural-de-su-piel\/"},"wordCount":417,"publisher":{"@id":"https:\/\/argileduvelay.com\/es\/#organization"},"image":{"@id":"https:\/\/argileduvelay.com\/es\/arcilla-amarilla-aliada-natural-de-su-piel\/#primaryimage"},"thumbnailUrl":"https:\/\/argileduvelay.com\/wp-content\/uploads\/2022\/11\/argile-jaune-poudre-argile-du-velay-1.jpg","articleSection":["\u00bfSab\u00edas?"],"inLanguage":"es"},{"@type":"WebPage","@id":"https:\/\/argileduvelay.com\/es\/arcilla-amarilla-aliada-natural-de-su-piel\/","url":"https:\/\/argileduvelay.com\/es\/arcilla-amarilla-aliada-natural-de-su-piel\/","name":"Arcilla amarilla: una aliada natural de su piel \u2013 Argile du Velay","isPartOf":{"@id":"https:\/\/argileduvelay.com\/es\/#website"},"primaryImageOfPage":{"@id":"https:\/\/argileduvelay.com\/es\/arcilla-amarilla-aliada-natural-de-su-piel\/#primaryimage"},"image":{"@id":"https:\/\/argileduvelay.com\/es\/arcilla-amarilla-aliada-natural-de-su-piel\/#primaryimage"},"thumbnailUrl":"https:\/\/argileduvelay.com\/wp-content\/uploads\/2022\/11\/argile-jaune-poudre-argile-du-velay-1.jpg","datePublished":"2022-11-14T16:28:06+00:00","dateModified":"2023-04-17T16:37:10+00:00","description":"La arcilla amarilla es utilizada por sus propiedades tonificantes, suavizantes y exfoliantes, que ayudan al cuidado de pieles mixtas a grasas.","breadcrumb":{"@id":"https:\/\/argileduvelay.com\/es\/arcilla-amarilla-aliada-natural-de-su-piel\/#breadcrumb"},"inLanguage":"es","potentialAction":[{"@type":"ReadAction","target":["https:\/\/argileduvelay.com\/es\/arcilla-amarilla-aliada-natural-de-su-piel\/"]}]},{"@type":"ImageObject","inLanguage":"es","@id":"https:\/\/argileduvelay.com\/es\/arcilla-amarilla-aliada-natural-de-su-piel\/#primaryimage","url":"https:\/\/argileduvelay.com\/wp-content\/uploads\/2022\/11\/argile-jaune-poudre-argile-du-velay-1.jpg","contentUrl":"https:\/\/argileduvelay.com\/wp-content\/uploads\/2022\/11\/argile-jaune-poudre-argile-du-velay-1.jpg","width":980,"height":551,"caption":"argile jaune poudre argile du velay"},{"@type":"BreadcrumbList","@id":"https:\/\/argileduvelay.com\/es\/arcilla-amarilla-aliada-natural-de-su-piel\/#breadcrumb","itemListElement":[{"@type":"ListItem","position":1,"name":"Accueil","item":"https:\/\/argileduvelay.com\/es\/"},{"@type":"ListItem","position":2,"name":"Arcilla amarilla: una aliada natural para su piel"}]},{"@type":"WebSite","@id":"https:\/\/argileduvelay.com\/es\/#website","url":"https:\/\/argileduvelay.com\/es\/","name":"Argile du Velay","description":"Fabricant fran\u00e7ais d'argile verte bio pour cosm\u00e9tique, hygi\u00e8ne animale, spa...","publisher":{"@id":"https:\/\/argileduvelay.com\/es\/#organization"},"potentialAction":[{"@type":"SearchAction","target":{"@type":"EntryPoint","urlTemplate":"https:\/\/argileduvelay.com\/es\/?s={search_term_string}"},"query-input":{"@type":"PropertyValueSpecification","valueRequired":true,"valueName":"search_term_string"}}],"inLanguage":"es"},{"@type":"Organization","@id":"https:\/\/argileduvelay.com\/es\/#organization","name":"Argile du Velay","url":"https:\/\/argileduvelay.com\/es\/","logo":{"@type":"ImageObject","inLanguage":"es","@id":"https:\/\/argileduvelay.com\/es\/#\/schema\/logo\/image\/","url":"https:\/\/argileduvelay.com\/wp-content\/uploads\/2022\/09\/logo_ARGILE_DU_VELAY-HD-ok.png","contentUrl":"https:\/\/argileduvelay.com\/wp-content\/uploads\/2022\/09\/logo_ARGILE_DU_VELAY-HD-ok.png","width":2520,"height":1450,"caption":"Argile du Velay"},"image":{"@id":"https:\/\/argileduvelay.com\/es\/#\/schema\/logo\/image\/"},"sameAs":["https:\/\/www.facebook.com\/argile.duvelay","https:\/\/www.instagram.com\/argileduvelay43\/","https:\/\/www.linkedin.com\/company\/argile-du-velay\/"]},{"@type":"Person","@id":"https:\/\/argileduvelay.com\/es\/#\/schema\/person\/525382e80202e5f8270f64c56eb88d3d","name":"Arvel","image":{"@type":"ImageObject","inLanguage":"es","@id":"https:\/\/secure.gravatar.com\/avatar\/4736a0ede3e1c47b61cd3504372b52fe3c71b50e0cbc9edcee5a1ac4c668cafc?s=96&d=mm&r=g","url":"https:\/\/secure.gravatar.com\/avatar\/4736a0ede3e1c47b61cd3504372b52fe3c71b50e0cbc9edcee5a1ac4c668cafc?s=96&d=mm&r=g","contentUrl":"https:\/\/secure.gravatar.com\/avatar\/4736a0ede3e1c47b61cd3504372b52fe3c71b50e0cbc9edcee5a1ac4c668cafc?s=96&d=mm&r=g","caption":"Arvel"},"sameAs":["https:\/\/argileduvelay.com"],"url":"https:\/\/argileduvelay.com\/es\/author\/arvel\/"}]}},"_links":{"self":[{"href":"https:\/\/argileduvelay.com\/es\/wp-json\/wp\/v2\/posts\/2995","targetHints":{"allow":["GET"]}}],"collection":[{"href":"https:\/\/argileduvelay.com\/es\/wp-json\/wp\/v2\/posts"}],"about":[{"href":"https:\/\/argileduvelay.com\/es\/wp-json\/wp\/v2\/types\/post"}],"author":[{"embeddable":true,"href":"https:\/\/argileduvelay.com\/es\/wp-json\/wp\/v2\/users\/1"}],"replies":[{"embeddable":true,"href":"https:\/\/argileduvelay.com\/es\/wp-json\/wp\/v2\/comments?post=2995"}],"version-history":[{"count":5,"href":"https:\/\/argileduvelay.com\/es\/wp-json\/wp\/v2\/posts\/2995\/revisions"}],"predecessor-version":[{"id":3141,"href":"https:\/\/argileduvelay.com\/es\/wp-json\/wp\/v2\/posts\/2995\/revisions\/3141"}],"wp:featuredmedia":[{"embeddable":true,"href":"https:\/\/argileduvelay.com\/es\/wp-json\/wp\/v2\/media\/1375"}],"wp:attachment":[{"href":"https:\/\/argileduvelay.com\/es\/wp-json\/wp\/v2\/media?parent=2995"}],"wp:term":[{"taxonomy":"category","embeddable":true,"href":"https:\/\/argileduvelay.com\/es\/wp-json\/wp\/v2\/categories?post=2995"},{"taxonomy":"post_tag","embeddable":true,"href":"https:\/\/argileduvelay.com\/es\/wp-json\/wp\/v2\/tags?post=2995"}],"curies":[{"name":"wp","href":"https:\/\/api.w.org\/{rel}","templated":true}]}}