{"id":3446,"date":"2024-04-05T12:06:23","date_gmt":"2024-04-05T10:06:23","guid":{"rendered":"https:\/\/argileduvelay.com\/clay-du-velay-indicacion-geografica-igp-protegida\/"},"modified":"2024-04-05T12:06:23","modified_gmt":"2024-04-05T10:06:23","slug":"clay-du-velay-indicacion-geografica-igp-protegida","status":"publish","type":"post","link":"https:\/\/argileduvelay.com\/es\/clay-du-velay-indicacion-geografica-igp-protegida\/","title":{"rendered":"Les Argiles du Velay obtiene el estatuto de Indicaci\u00f3n Geogr\u00e1fica Protegida (IGP)"},"content":{"rendered":"<h2><img loading=\"lazy\" decoding=\"async\" class=\"aligncenter size-full wp-image-3426\" src=\"https:\/\/argileduvelay.com\/wp-content\/uploads\/2024\/04\/ARGILE-DU-VELAY_BACHE_300x250cm-1-scaled.jpg\" alt=\"Les Argiles du Velay sont IGP\" width=\"2560\" height=\"2133\" srcset=\"https:\/\/argileduvelay.com\/wp-content\/uploads\/2024\/04\/ARGILE-DU-VELAY_BACHE_300x250cm-1-scaled.jpg 2560w, https:\/\/argileduvelay.com\/wp-content\/uploads\/2024\/04\/ARGILE-DU-VELAY_BACHE_300x250cm-1-1280x1067.jpg 1280w, https:\/\/argileduvelay.com\/wp-content\/uploads\/2024\/04\/ARGILE-DU-VELAY_BACHE_300x250cm-1-980x817.jpg 980w, https:\/\/argileduvelay.com\/wp-content\/uploads\/2024\/04\/ARGILE-DU-VELAY_BACHE_300x250cm-1-480x400.jpg 480w\" sizes=\"(min-width: 0px) and (max-width: 480px) 480px, (min-width: 481px) and (max-width: 980px) 980px, (min-width: 981px) and (max-width: 1280px) 1280px, (min-width: 1281px) 2560px, 100vw\" \/><\/h2>\n<h3>El 13 de octubre de 2023, fecha de publicaci\u00f3n del anuncio en el Journal Officiel, el Institut national de la propri\u00e9t\u00e9 individuelle (INPI) decret\u00f3 el <strong>registro de la Indicaci\u00f3n Geogr\u00e1fica \u00abArgiles du Velay\u00bb.<\/strong><\/h3>\n<p>El 2 de febrero de 2024, en Le Puy en Velay, el INPI celebr\u00f3 el lanzamiento oficial y la ceremonia de entrega en presencia de representantes electos locales y nacionales. Esta certificaci\u00f3n es la tercera en la regi\u00f3n de Auvergne-Rh\u00f4ne-Alpes. El Presidente de la Association de Protection et de Valorisation des Argiles du Velay (Asociaci\u00f3n de Protecci\u00f3n y Valorizaci\u00f3n de las Arcillas de Velay) est\u00e1 muy orgulloso de esta certificaci\u00f3n, como atestiguan sus propias palabras \u00abEstamos orgullosos de ver el \u00e9xito de nuestra IG \u00abArgiles du Velay\u00bb, que reconoce la calidad de las arcillas de la cuenca de Velay y el saber hacer de nuestras empresas. Esta iniciativa de calidad y la protecci\u00f3n es muy importante para promover nuestra regi\u00f3n y dar a conocer nuestras arcillas en todo el mundo\u00bb.<\/p>\n<h4>\u00bfQu\u00e9 es la arcilla de Velay?<\/h4>\n<p>Las arcillas de Velay, extra\u00eddas al pie de los volcanes de Auvernia, se consideran muy puras, raras y preciosas. Sin cuarzo ni s\u00edlice, estas arcillas son de una calidad excepcional y muy codiciada. Se componen de dos o tres minerales ricos en principios activos y famosos por sus virtudes: illita, caol\u00edn y montmorillonita. Cada a\u00f1o se extraen m\u00e1s de 100.000 toneladas de un yacimiento de arcilla situado en las afueras de Le Puy en Velay.<\/p>\n<h4>Las IG en el punto de mira<\/h4>\n<p>La IG, o Indicaci\u00f3n Geogr\u00e1fica certifica el origen de un producto. Esta certificaci\u00f3n indica que el producto procede de una regi\u00f3n determinadaLa IG atestigua su calidad, autenticidad y m\u00e9todos de producci\u00f3n tradicionales y naturales vinculados a la localidad. Permite tambi\u00e9n a los productores locales proteger su mercado y promover sus habilidades artesanales en todo el mundo.<br \/>La Indicaci\u00f3n Geogr\u00e1fica \u00abArcillas de Velay\u00bb designa los productos elaborados con arcillas de la cuenca del Puy en Velay en diversas formas:<\/p>\n<ul>\n<li>En polvo.<\/li>\n<li>Granulado \/ triturado<\/li>\n<li>En productos acabados como c\u00e1psulas o mascarillas de arcilla.<\/li>\n<\/ul>\n<p>La IG \u00abArcillas de Velay\u00bb tambi\u00e9n garantiza que las arcillas se procesan, sin productos qu\u00edmicos, en el departamento de Haute-Loire (43) en Francia. Cuatro empresas participan en este proyecto.<\/p>\n<h4>Ventajas de la IG para Arcillas de Velay<\/h4>\n<p>La obtenci\u00f3n de la IG (Indicaci\u00f3n Geogr\u00e1fica) para Arcillas de Velay ofrece muchas ventajas a nuestros clientes y socios:<\/p>\n<ol>\n<li>\u00a0Protecci\u00f3n de la arcilla de Velay contra las falsificaciones (imitaciones, productos de calidad inferior).<\/li>\n<li>Promoci\u00f3n de nuestro saber hacer local y de las t\u00e9cnicas tradicionales.<\/li>\n<li>Promover el desarrollo sostenible utilizando pr\u00e1cticas respetuosas con el medio ambiente en la producci\u00f3n de productos a base de arcilla.<\/li>\n<\/ol>\n<h4>Usos y virtudes de la Arcilla Velay<\/h4>\n<p>Las Arcillas de Velay, con sus inestimables virtudes y propiedades, obran milagros en las dolencias cotidianas, especialmente en los campos del cuidado de la piel, la cosm\u00e9tica y el bienestar animal.<\/p>\n<p>En cosm\u00e9tica, las Arcillas Velay se utilizan principalmente en mascarillas faciales para el cuidado de las pieles grasas, mixtas y con tendencia acneica: regulan la secreci\u00f3n de sebo y calman la inflamaci\u00f3n cut\u00e1nea. Pero tambi\u00e9n se utilizan en el cabello, en champ\u00fas y mascarillas, jabones y dent\u00edfricos&#8230; Sin olvidar los ba\u00f1os y envolturas \u00abde bienestar\u00bb utilizados en los tratamientos de spa.<\/p>\n<p>Para el bienestar animal, esta \u00abtierra m\u00e1gica\u00bb se ha desarrollado para su uso en trastornos digestivos, cuidado de la piel (inflamaciones), dolores articulares, etc. Tambi\u00e9n est\u00e1 reconocida como aditivo 100% natural en la alimentaci\u00f3n animal de todas las especies.<br \/>Pruebe hoy mismo la versatilidad y eficacia de las arcillas naturales de Velay aprobadas por IG.<\/p>\n<p>&nbsp;<\/p>\n<p><iframe loading=\"lazy\" title=\"L&#039;info en plus - L&#039;Argile du Velay IG\" width=\"1080\" height=\"608\" src=\"https:\/\/www.youtube.com\/embed\/Z_hwNSecII8?feature=oembed\"  allow=\"accelerometer; autoplay; clipboard-write; encrypted-media; gyroscope; picture-in-picture; web-share\" referrerpolicy=\"strict-origin-when-cross-origin\" allowfullscreen><\/iframe><\/p>\n<p>&nbsp;<\/p>\n","protected":false},"excerpt":{"rendered":"<p>El 13 de octubre de 2023, fecha de publicaci\u00f3n del anuncio en el Journal Officiel, el Institut national de la propri\u00e9t\u00e9 individuelle (INPI) decret\u00f3 el registro de la Indicaci\u00f3n Geogr\u00e1fica \u00abArgiles du Velay\u00bb. El 2 de febrero de 2024, en Le Puy en Velay, el INPI celebr\u00f3 el lanzamiento oficial y la ceremonia de entrega [&hellip;]<\/p>\n","protected":false},"author":1,"featured_media":3428,"comment_status":"closed","ping_status":"closed","sticky":false,"template":"","format":"standard","meta":{"_et_pb_use_builder":"","_et_pb_old_content":"","_et_gb_content_width":"","footnotes":""},"categories":[31],"tags":[],"class_list":["post-3446","post","type-post","status-publish","format-standard","has-post-thumbnail","hentry","category-sabias"],"yoast_head":"<!-- This site is optimized with the Yoast SEO plugin v27.4 - https:\/\/yoast.com\/product\/yoast-seo-wordpress\/ -->\n<title>Les Argiles du Velay obtiene la Indicaci\u00f3n Geogr\u00e1fica Protegida (IGP)<\/title>\n<meta name=\"description\" content=\"Estamos orgullosos del \u00e9xito de nuestro enfoque de IG \u201cArgiles du Velay\u201d, que reconoce la calidad de las arcillas de la cuenca del Velay y el conocimiento de nuestras empresas. Este enfoque de calidad y protecci\u00f3n es muy importante para promocionar nuestro territorio y promocionar nuestras arcillas en todo el mundo.\" \/>\n<meta name=\"robots\" content=\"index, follow, max-snippet:-1, max-image-preview:large, max-video-preview:-1\" \/>\n<link rel=\"canonical\" href=\"https:\/\/argileduvelay.com\/es\/clay-du-velay-indicacion-geografica-igp-protegida\/\" \/>\n<meta property=\"og:locale\" content=\"es_ES\" \/>\n<meta property=\"og:type\" content=\"article\" \/>\n<meta property=\"og:title\" content=\"Les Argiles du Velay obtiene la Indicaci\u00f3n Geogr\u00e1fica Protegida (IGP)\" \/>\n<meta property=\"og:description\" content=\"Estamos orgullosos del \u00e9xito de nuestro enfoque de IG \u201cArgiles du Velay\u201d, que reconoce la calidad de las arcillas de la cuenca del Velay y el conocimiento de nuestras empresas. Este enfoque de calidad y protecci\u00f3n es muy importante para promocionar nuestro territorio y promocionar nuestras arcillas en todo el mundo.\" \/>\n<meta property=\"og:url\" content=\"https:\/\/argileduvelay.com\/es\/clay-du-velay-indicacion-geografica-igp-protegida\/\" \/>\n<meta property=\"og:site_name\" content=\"Argile du Velay\" \/>\n<meta property=\"article:publisher\" content=\"https:\/\/www.facebook.com\/argile.duvelay\" \/>\n<meta property=\"article:published_time\" content=\"2024-04-05T10:06:23+00:00\" \/>\n<meta property=\"og:image\" content=\"https:\/\/argileduvelay.com\/wp-content\/uploads\/2024\/04\/ARGILE-DU-VELAY_BACHE_300x250cm-1-scaled.jpg\" \/>\n\t<meta property=\"og:image:width\" content=\"2560\" \/>\n\t<meta property=\"og:image:height\" content=\"2133\" \/>\n\t<meta property=\"og:image:type\" content=\"image\/jpeg\" \/>\n<meta name=\"author\" content=\"Arvel\" \/>\n<meta name=\"twitter:card\" content=\"summary_large_image\" \/>\n<meta name=\"twitter:label1\" content=\"Escrito por\" \/>\n\t<meta name=\"twitter:data1\" content=\"Arvel\" \/>\n\t<meta name=\"twitter:label2\" content=\"Tiempo de lectura\" \/>\n\t<meta name=\"twitter:data2\" content=\"3 minutos\" \/>\n<script type=\"application\/ld+json\" class=\"yoast-schema-graph\">{\"@context\":\"https:\\\/\\\/schema.org\",\"@graph\":[{\"@type\":\"Article\",\"@id\":\"https:\\\/\\\/argileduvelay.com\\\/es\\\/clay-du-velay-indicacion-geografica-igp-protegida\\\/#article\",\"isPartOf\":{\"@id\":\"https:\\\/\\\/argileduvelay.com\\\/es\\\/clay-du-velay-indicacion-geografica-igp-protegida\\\/\"},\"author\":{\"name\":\"Arvel\",\"@id\":\"https:\\\/\\\/argileduvelay.com\\\/es\\\/#\\\/schema\\\/person\\\/525382e80202e5f8270f64c56eb88d3d\"},\"headline\":\"Les Argiles du Velay obtiene el estatuto de Indicaci\u00f3n Geogr\u00e1fica Protegida (IGP)\",\"datePublished\":\"2024-04-05T10:06:23+00:00\",\"mainEntityOfPage\":{\"@id\":\"https:\\\/\\\/argileduvelay.com\\\/es\\\/clay-du-velay-indicacion-geografica-igp-protegida\\\/\"},\"wordCount\":663,\"publisher\":{\"@id\":\"https:\\\/\\\/argileduvelay.com\\\/es\\\/#organization\"},\"image\":{\"@id\":\"https:\\\/\\\/argileduvelay.com\\\/es\\\/clay-du-velay-indicacion-geografica-igp-protegida\\\/#primaryimage\"},\"thumbnailUrl\":\"https:\\\/\\\/argileduvelay.com\\\/wp-content\\\/uploads\\\/2024\\\/04\\\/ARGILE-DU-VELAY_BACHE_300x250cm-1-scaled.jpg\",\"articleSection\":[\"\u00bfSab\u00edas?\"],\"inLanguage\":\"es\"},{\"@type\":\"WebPage\",\"@id\":\"https:\\\/\\\/argileduvelay.com\\\/es\\\/clay-du-velay-indicacion-geografica-igp-protegida\\\/\",\"url\":\"https:\\\/\\\/argileduvelay.com\\\/es\\\/clay-du-velay-indicacion-geografica-igp-protegida\\\/\",\"name\":\"Les Argiles du Velay obtiene la Indicaci\u00f3n Geogr\u00e1fica Protegida (IGP)\",\"isPartOf\":{\"@id\":\"https:\\\/\\\/argileduvelay.com\\\/es\\\/#website\"},\"primaryImageOfPage\":{\"@id\":\"https:\\\/\\\/argileduvelay.com\\\/es\\\/clay-du-velay-indicacion-geografica-igp-protegida\\\/#primaryimage\"},\"image\":{\"@id\":\"https:\\\/\\\/argileduvelay.com\\\/es\\\/clay-du-velay-indicacion-geografica-igp-protegida\\\/#primaryimage\"},\"thumbnailUrl\":\"https:\\\/\\\/argileduvelay.com\\\/wp-content\\\/uploads\\\/2024\\\/04\\\/ARGILE-DU-VELAY_BACHE_300x250cm-1-scaled.jpg\",\"datePublished\":\"2024-04-05T10:06:23+00:00\",\"description\":\"Estamos orgullosos del \u00e9xito de nuestro enfoque de IG \u201cArgiles du Velay\u201d, que reconoce la calidad de las arcillas de la cuenca del Velay y el conocimiento de nuestras empresas. Este enfoque de calidad y protecci\u00f3n es muy importante para promocionar nuestro territorio y promocionar nuestras arcillas en todo el mundo.\",\"breadcrumb\":{\"@id\":\"https:\\\/\\\/argileduvelay.com\\\/es\\\/clay-du-velay-indicacion-geografica-igp-protegida\\\/#breadcrumb\"},\"inLanguage\":\"es\",\"potentialAction\":[{\"@type\":\"ReadAction\",\"target\":[\"https:\\\/\\\/argileduvelay.com\\\/es\\\/clay-du-velay-indicacion-geografica-igp-protegida\\\/\"]}]},{\"@type\":\"ImageObject\",\"inLanguage\":\"es\",\"@id\":\"https:\\\/\\\/argileduvelay.com\\\/es\\\/clay-du-velay-indicacion-geografica-igp-protegida\\\/#primaryimage\",\"url\":\"https:\\\/\\\/argileduvelay.com\\\/wp-content\\\/uploads\\\/2024\\\/04\\\/ARGILE-DU-VELAY_BACHE_300x250cm-1-scaled.jpg\",\"contentUrl\":\"https:\\\/\\\/argileduvelay.com\\\/wp-content\\\/uploads\\\/2024\\\/04\\\/ARGILE-DU-VELAY_BACHE_300x250cm-1-scaled.jpg\",\"width\":2560,\"height\":2133,\"caption\":\"Les Argiles du Velay sont IGP\"},{\"@type\":\"BreadcrumbList\",\"@id\":\"https:\\\/\\\/argileduvelay.com\\\/es\\\/clay-du-velay-indicacion-geografica-igp-protegida\\\/#breadcrumb\",\"itemListElement\":[{\"@type\":\"ListItem\",\"position\":1,\"name\":\"Accueil\",\"item\":\"https:\\\/\\\/argileduvelay.com\\\/es\\\/\"},{\"@type\":\"ListItem\",\"position\":2,\"name\":\"Les Argiles du Velay obtiene el estatuto de Indicaci\u00f3n Geogr\u00e1fica Protegida (IGP)\"}]},{\"@type\":\"WebSite\",\"@id\":\"https:\\\/\\\/argileduvelay.com\\\/es\\\/#website\",\"url\":\"https:\\\/\\\/argileduvelay.com\\\/es\\\/\",\"name\":\"Argile du Velay\",\"description\":\"Fabricant fran\u00e7ais d'argile verte bio pour cosm\u00e9tique, hygi\u00e8ne animale, spa...\",\"publisher\":{\"@id\":\"https:\\\/\\\/argileduvelay.com\\\/es\\\/#organization\"},\"potentialAction\":[{\"@type\":\"SearchAction\",\"target\":{\"@type\":\"EntryPoint\",\"urlTemplate\":\"https:\\\/\\\/argileduvelay.com\\\/es\\\/?s={search_term_string}\"},\"query-input\":{\"@type\":\"PropertyValueSpecification\",\"valueRequired\":true,\"valueName\":\"search_term_string\"}}],\"inLanguage\":\"es\"},{\"@type\":\"Organization\",\"@id\":\"https:\\\/\\\/argileduvelay.com\\\/es\\\/#organization\",\"name\":\"Argile du Velay\",\"url\":\"https:\\\/\\\/argileduvelay.com\\\/es\\\/\",\"logo\":{\"@type\":\"ImageObject\",\"inLanguage\":\"es\",\"@id\":\"https:\\\/\\\/argileduvelay.com\\\/es\\\/#\\\/schema\\\/logo\\\/image\\\/\",\"url\":\"https:\\\/\\\/argileduvelay.com\\\/wp-content\\\/uploads\\\/2022\\\/09\\\/logo_ARGILE_DU_VELAY-HD-ok.png\",\"contentUrl\":\"https:\\\/\\\/argileduvelay.com\\\/wp-content\\\/uploads\\\/2022\\\/09\\\/logo_ARGILE_DU_VELAY-HD-ok.png\",\"width\":2520,\"height\":1450,\"caption\":\"Argile du Velay\"},\"image\":{\"@id\":\"https:\\\/\\\/argileduvelay.com\\\/es\\\/#\\\/schema\\\/logo\\\/image\\\/\"},\"sameAs\":[\"https:\\\/\\\/www.facebook.com\\\/argile.duvelay\",\"https:\\\/\\\/www.instagram.com\\\/argileduvelay43\\\/\",\"https:\\\/\\\/www.linkedin.com\\\/company\\\/argile-du-velay\\\/\"]},{\"@type\":\"Person\",\"@id\":\"https:\\\/\\\/argileduvelay.com\\\/es\\\/#\\\/schema\\\/person\\\/525382e80202e5f8270f64c56eb88d3d\",\"name\":\"Arvel\",\"image\":{\"@type\":\"ImageObject\",\"inLanguage\":\"es\",\"@id\":\"https:\\\/\\\/secure.gravatar.com\\\/avatar\\\/4736a0ede3e1c47b61cd3504372b52fe3c71b50e0cbc9edcee5a1ac4c668cafc?s=96&d=mm&r=g\",\"url\":\"https:\\\/\\\/secure.gravatar.com\\\/avatar\\\/4736a0ede3e1c47b61cd3504372b52fe3c71b50e0cbc9edcee5a1ac4c668cafc?s=96&d=mm&r=g\",\"contentUrl\":\"https:\\\/\\\/secure.gravatar.com\\\/avatar\\\/4736a0ede3e1c47b61cd3504372b52fe3c71b50e0cbc9edcee5a1ac4c668cafc?s=96&d=mm&r=g\",\"caption\":\"Arvel\"},\"sameAs\":[\"https:\\\/\\\/argileduvelay.com\"],\"url\":\"https:\\\/\\\/argileduvelay.com\\\/es\\\/author\\\/arvel\\\/\"}]}<\/script>\n<!-- \/ Yoast SEO plugin. -->","yoast_head_json":{"title":"Les Argiles du Velay obtiene la Indicaci\u00f3n Geogr\u00e1fica Protegida (IGP)","description":"Estamos orgullosos del \u00e9xito de nuestro enfoque de IG \u201cArgiles du Velay\u201d, que reconoce la calidad de las arcillas de la cuenca del Velay y el conocimiento de nuestras empresas. Este enfoque de calidad y protecci\u00f3n es muy importante para promocionar nuestro territorio y promocionar nuestras arcillas en todo el mundo.","robots":{"index":"index","follow":"follow","max-snippet":"max-snippet:-1","max-image-preview":"max-image-preview:large","max-video-preview":"max-video-preview:-1"},"canonical":"https:\/\/argileduvelay.com\/es\/clay-du-velay-indicacion-geografica-igp-protegida\/","og_locale":"es_ES","og_type":"article","og_title":"Les Argiles du Velay obtiene la Indicaci\u00f3n Geogr\u00e1fica Protegida (IGP)","og_description":"Estamos orgullosos del \u00e9xito de nuestro enfoque de IG \u201cArgiles du Velay\u201d, que reconoce la calidad de las arcillas de la cuenca del Velay y el conocimiento de nuestras empresas. Este enfoque de calidad y protecci\u00f3n es muy importante para promocionar nuestro territorio y promocionar nuestras arcillas en todo el mundo.","og_url":"https:\/\/argileduvelay.com\/es\/clay-du-velay-indicacion-geografica-igp-protegida\/","og_site_name":"Argile du Velay","article_publisher":"https:\/\/www.facebook.com\/argile.duvelay","article_published_time":"2024-04-05T10:06:23+00:00","og_image":[{"width":2560,"height":2133,"url":"https:\/\/argileduvelay.com\/wp-content\/uploads\/2024\/04\/ARGILE-DU-VELAY_BACHE_300x250cm-1-scaled.jpg","type":"image\/jpeg"}],"author":"Arvel","twitter_card":"summary_large_image","twitter_misc":{"Escrito por":"Arvel","Tiempo de lectura":"3 minutos"},"schema":{"@context":"https:\/\/schema.org","@graph":[{"@type":"Article","@id":"https:\/\/argileduvelay.com\/es\/clay-du-velay-indicacion-geografica-igp-protegida\/#article","isPartOf":{"@id":"https:\/\/argileduvelay.com\/es\/clay-du-velay-indicacion-geografica-igp-protegida\/"},"author":{"name":"Arvel","@id":"https:\/\/argileduvelay.com\/es\/#\/schema\/person\/525382e80202e5f8270f64c56eb88d3d"},"headline":"Les Argiles du Velay obtiene el estatuto de Indicaci\u00f3n Geogr\u00e1fica Protegida (IGP)","datePublished":"2024-04-05T10:06:23+00:00","mainEntityOfPage":{"@id":"https:\/\/argileduvelay.com\/es\/clay-du-velay-indicacion-geografica-igp-protegida\/"},"wordCount":663,"publisher":{"@id":"https:\/\/argileduvelay.com\/es\/#organization"},"image":{"@id":"https:\/\/argileduvelay.com\/es\/clay-du-velay-indicacion-geografica-igp-protegida\/#primaryimage"},"thumbnailUrl":"https:\/\/argileduvelay.com\/wp-content\/uploads\/2024\/04\/ARGILE-DU-VELAY_BACHE_300x250cm-1-scaled.jpg","articleSection":["\u00bfSab\u00edas?"],"inLanguage":"es"},{"@type":"WebPage","@id":"https:\/\/argileduvelay.com\/es\/clay-du-velay-indicacion-geografica-igp-protegida\/","url":"https:\/\/argileduvelay.com\/es\/clay-du-velay-indicacion-geografica-igp-protegida\/","name":"Les Argiles du Velay obtiene la Indicaci\u00f3n Geogr\u00e1fica Protegida (IGP)","isPartOf":{"@id":"https:\/\/argileduvelay.com\/es\/#website"},"primaryImageOfPage":{"@id":"https:\/\/argileduvelay.com\/es\/clay-du-velay-indicacion-geografica-igp-protegida\/#primaryimage"},"image":{"@id":"https:\/\/argileduvelay.com\/es\/clay-du-velay-indicacion-geografica-igp-protegida\/#primaryimage"},"thumbnailUrl":"https:\/\/argileduvelay.com\/wp-content\/uploads\/2024\/04\/ARGILE-DU-VELAY_BACHE_300x250cm-1-scaled.jpg","datePublished":"2024-04-05T10:06:23+00:00","description":"Estamos orgullosos del \u00e9xito de nuestro enfoque de IG \u201cArgiles du Velay\u201d, que reconoce la calidad de las arcillas de la cuenca del Velay y el conocimiento de nuestras empresas. Este enfoque de calidad y protecci\u00f3n es muy importante para promocionar nuestro territorio y promocionar nuestras arcillas en todo el mundo.","breadcrumb":{"@id":"https:\/\/argileduvelay.com\/es\/clay-du-velay-indicacion-geografica-igp-protegida\/#breadcrumb"},"inLanguage":"es","potentialAction":[{"@type":"ReadAction","target":["https:\/\/argileduvelay.com\/es\/clay-du-velay-indicacion-geografica-igp-protegida\/"]}]},{"@type":"ImageObject","inLanguage":"es","@id":"https:\/\/argileduvelay.com\/es\/clay-du-velay-indicacion-geografica-igp-protegida\/#primaryimage","url":"https:\/\/argileduvelay.com\/wp-content\/uploads\/2024\/04\/ARGILE-DU-VELAY_BACHE_300x250cm-1-scaled.jpg","contentUrl":"https:\/\/argileduvelay.com\/wp-content\/uploads\/2024\/04\/ARGILE-DU-VELAY_BACHE_300x250cm-1-scaled.jpg","width":2560,"height":2133,"caption":"Les Argiles du Velay sont IGP"},{"@type":"BreadcrumbList","@id":"https:\/\/argileduvelay.com\/es\/clay-du-velay-indicacion-geografica-igp-protegida\/#breadcrumb","itemListElement":[{"@type":"ListItem","position":1,"name":"Accueil","item":"https:\/\/argileduvelay.com\/es\/"},{"@type":"ListItem","position":2,"name":"Les Argiles du Velay obtiene el estatuto de Indicaci\u00f3n Geogr\u00e1fica Protegida (IGP)"}]},{"@type":"WebSite","@id":"https:\/\/argileduvelay.com\/es\/#website","url":"https:\/\/argileduvelay.com\/es\/","name":"Argile du Velay","description":"Fabricant fran\u00e7ais d'argile verte bio pour cosm\u00e9tique, hygi\u00e8ne animale, spa...","publisher":{"@id":"https:\/\/argileduvelay.com\/es\/#organization"},"potentialAction":[{"@type":"SearchAction","target":{"@type":"EntryPoint","urlTemplate":"https:\/\/argileduvelay.com\/es\/?s={search_term_string}"},"query-input":{"@type":"PropertyValueSpecification","valueRequired":true,"valueName":"search_term_string"}}],"inLanguage":"es"},{"@type":"Organization","@id":"https:\/\/argileduvelay.com\/es\/#organization","name":"Argile du Velay","url":"https:\/\/argileduvelay.com\/es\/","logo":{"@type":"ImageObject","inLanguage":"es","@id":"https:\/\/argileduvelay.com\/es\/#\/schema\/logo\/image\/","url":"https:\/\/argileduvelay.com\/wp-content\/uploads\/2022\/09\/logo_ARGILE_DU_VELAY-HD-ok.png","contentUrl":"https:\/\/argileduvelay.com\/wp-content\/uploads\/2022\/09\/logo_ARGILE_DU_VELAY-HD-ok.png","width":2520,"height":1450,"caption":"Argile du Velay"},"image":{"@id":"https:\/\/argileduvelay.com\/es\/#\/schema\/logo\/image\/"},"sameAs":["https:\/\/www.facebook.com\/argile.duvelay","https:\/\/www.instagram.com\/argileduvelay43\/","https:\/\/www.linkedin.com\/company\/argile-du-velay\/"]},{"@type":"Person","@id":"https:\/\/argileduvelay.com\/es\/#\/schema\/person\/525382e80202e5f8270f64c56eb88d3d","name":"Arvel","image":{"@type":"ImageObject","inLanguage":"es","@id":"https:\/\/secure.gravatar.com\/avatar\/4736a0ede3e1c47b61cd3504372b52fe3c71b50e0cbc9edcee5a1ac4c668cafc?s=96&d=mm&r=g","url":"https:\/\/secure.gravatar.com\/avatar\/4736a0ede3e1c47b61cd3504372b52fe3c71b50e0cbc9edcee5a1ac4c668cafc?s=96&d=mm&r=g","contentUrl":"https:\/\/secure.gravatar.com\/avatar\/4736a0ede3e1c47b61cd3504372b52fe3c71b50e0cbc9edcee5a1ac4c668cafc?s=96&d=mm&r=g","caption":"Arvel"},"sameAs":["https:\/\/argileduvelay.com"],"url":"https:\/\/argileduvelay.com\/es\/author\/arvel\/"}]}},"_links":{"self":[{"href":"https:\/\/argileduvelay.com\/es\/wp-json\/wp\/v2\/posts\/3446","targetHints":{"allow":["GET"]}}],"collection":[{"href":"https:\/\/argileduvelay.com\/es\/wp-json\/wp\/v2\/posts"}],"about":[{"href":"https:\/\/argileduvelay.com\/es\/wp-json\/wp\/v2\/types\/post"}],"author":[{"embeddable":true,"href":"https:\/\/argileduvelay.com\/es\/wp-json\/wp\/v2\/users\/1"}],"replies":[{"embeddable":true,"href":"https:\/\/argileduvelay.com\/es\/wp-json\/wp\/v2\/comments?post=3446"}],"version-history":[{"count":0,"href":"https:\/\/argileduvelay.com\/es\/wp-json\/wp\/v2\/posts\/3446\/revisions"}],"wp:featuredmedia":[{"embeddable":true,"href":"https:\/\/argileduvelay.com\/es\/wp-json\/wp\/v2\/media\/3428"}],"wp:attachment":[{"href":"https:\/\/argileduvelay.com\/es\/wp-json\/wp\/v2\/media?parent=3446"}],"wp:term":[{"taxonomy":"category","embeddable":true,"href":"https:\/\/argileduvelay.com\/es\/wp-json\/wp\/v2\/categories?post=3446"},{"taxonomy":"post_tag","embeddable":true,"href":"https:\/\/argileduvelay.com\/es\/wp-json\/wp\/v2\/tags?post=3446"}],"curies":[{"name":"wp","href":"https:\/\/api.w.org\/{rel}","templated":true}]}}